{"id":7140,"date":"2025-03-03T11:22:16","date_gmt":"2025-03-03T17:22:16","guid":{"rendered":"https:\/\/listonesrosas.com\/?p=7140"},"modified":"2025-03-03T17:22:17","modified_gmt":"2025-03-03T17:22:17","slug":"peru-expresa-condolencias-por-siete-connacionales-fallecidos-en-accidente-de-transito-en-bolivia","status":"publish","type":"post","link":"https:\/\/listonesrosas.com\/index.php\/2025\/03\/03\/peru-expresa-condolencias-por-siete-connacionales-fallecidos-en-accidente-de-transito-en-bolivia\/","title":{"rendered":"Per\u00fa expresa condolencias por siete connacionales fallecidos en accidente de tr\u00e1nsito en Bolivia"},"content":{"rendered":"<div class=\"el-scrollbar__wrap\">\n<div class=\"el-scrollbar__view\">\n<div class=\"news-content\" data-v-1eda797c=\"\">LIMA, 2 mar (Xinhua) &#8212; El Gobierno de Per\u00fa expres\u00f3 hoy domingo sus condolencias por la muerte de siete peruanos, en el accidente de tr\u00e1nsito ocurrido el s\u00e1bado en una carretera de Bolivia con saldo total de 37 personas fallecidas y 39 heridas. \u00abEl Ministerio de Relaciones Exteriores extiende sus m\u00e1s sentidas condolencias a los familiares de los connacionales que fallecieron en este tr\u00e1gico accidente\u00bb, indic\u00f3 la canciller\u00eda peruana a trav\u00e9s de un comunicado. La entidad puntualiz\u00f3 que al menos 10 peruanos resultaron \u00abafectados\u00bb en el accidente, entre ellos siete que perdieron la vida. La canciller\u00eda agreg\u00f3 que el Consulado General de Per\u00fa en la ciudad boliviana de Cochabamba (centro) ha mantenido contacto con las autoridades de ese pa\u00eds, adem\u00e1s de estar en estrecha coordinaci\u00f3n con los consulados peruanos en las ciudades bolivianas de La Paz y Sucre. Esta coordinaci\u00f3n es para \u00abbrindar el apoyo correspondiente a los familiares de nuestros compatriotas, en particular para preparaci\u00f3n de la documentaci\u00f3n que permita el m\u00e1s pronto retorno de los restos mortales a sus lugares de origen en el Per\u00fa\u00bb. \u00abSe contin\u00faa realizando el debido seguimiento del caso, incluyendo la situaci\u00f3n de nuestros connacionales que se encuentran heridos, y reafirma su compromiso con la asistencia consular a nuestros connacionales en el exterior\u00bb, a\u00f1adi\u00f3. Las autoridades bolivianas confirmaron el s\u00e1bado la muerte de al menos 37 personas, luego de que dos autobuses interprovinciales de servicio p\u00fablico colisionaron de manera frontal en la carretera que une Uyuni y Oruro. Las primeras indagatorias de las autoridades bolivianas apuntan a que el exceso de velocidad pudo ser la causa principal del percance de tr\u00e1nsito. Fin<\/div>\n<\/div>\n<\/div>\n<div class=\"el-scrollbar__bar is-horizontal\"><\/div>\n","protected":false},"excerpt":{"rendered":"<p>LIMA, 2 mar (Xinhua) &#8212; El Gobierno de Per\u00fa expres\u00f3 hoy domingo sus condolencias por&#8230;<\/p>\n","protected":false},"author":1,"featured_media":0,"comment_status":"open","ping_status":"closed","sticky":false,"template":"","format":"standard","meta":{"footnotes":""},"categories":[2],"tags":[],"class_list":["post-7140","post","type-post","status-publish","format-standard","hentry","category-internacional"],"_links":{"self":[{"href":"https:\/\/listonesrosas.com\/index.php\/wp-json\/wp\/v2\/posts\/7140","targetHints":{"allow":["GET"]}}],"collection":[{"href":"https:\/\/listonesrosas.com\/index.php\/wp-json\/wp\/v2\/posts"}],"about":[{"href":"https:\/\/listonesrosas.com\/index.php\/wp-json\/wp\/v2\/types\/post"}],"author":[{"embeddable":true,"href":"https:\/\/listonesrosas.com\/index.php\/wp-json\/wp\/v2\/users\/1"}],"replies":[{"embeddable":true,"href":"https:\/\/listonesrosas.com\/index.php\/wp-json\/wp\/v2\/comments?post=7140"}],"version-history":[{"count":1,"href":"https:\/\/listonesrosas.com\/index.php\/wp-json\/wp\/v2\/posts\/7140\/revisions"}],"predecessor-version":[{"id":7141,"href":"https:\/\/listonesrosas.com\/index.php\/wp-json\/wp\/v2\/posts\/7140\/revisions\/7141"}],"wp:attachment":[{"href":"https:\/\/listonesrosas.com\/index.php\/wp-json\/wp\/v2\/media?parent=7140"}],"wp:term":[{"taxonomy":"category","embeddable":true,"href":"https:\/\/listonesrosas.com\/index.php\/wp-json\/wp\/v2\/categories?post=7140"},{"taxonomy":"post_tag","embeddable":true,"href":"https:\/\/listonesrosas.com\/index.php\/wp-json\/wp\/v2\/tags?post=7140"}],"curies":[{"name":"wp","href":"https:\/\/api.w.org\/{rel}","templated":true}]}}