{"id":8439,"date":"2025-03-04T13:32:56","date_gmt":"2025-03-04T19:32:56","guid":{"rendered":"https:\/\/listonesrosas.com\/?p=8439"},"modified":"2025-03-04T19:32:57","modified_gmt":"2025-03-04T19:32:57","slug":"austria-viena-gobierno-de-coalicion-juramentacion-2","status":"publish","type":"post","link":"https:\/\/listonesrosas.com\/index.php\/2025\/03\/04\/austria-viena-gobierno-de-coalicion-juramentacion-2\/","title":{"rendered":"AUSTRIA-VIENA-GOBIERNO DE COALICION-JURAMENTACION"},"content":{"rendered":"<div class=\"el-scrollbar__wrap\">\n<div class=\"el-scrollbar__view\">\n<div class=\"news-content\" data-v-1eda797c=\"\">(250303) &#8212; VIENA, 3 marzo, 2025 (Xinhua) &#8212; El presidente austriaco, Alexander Van Der Bellen (c), y el l\u00edder del Partido Popular de Austria, Christian Stocker (i), asisten a la ceremonia de juramentaci\u00f3n, en Viena, Austria, el 3 de marzo de 2025. El nuevo Gobierno de Austria fue juramentado el lunes, poniendo fin a cinco meses de estancamiento pol\u00edtico sobre la formaci\u00f3n de una coalici\u00f3n. (Xinhua\/He Canling) (rtg) (ah) (vf)<\/div>\n<\/div>\n<\/div>\n<div class=\"el-scrollbar__bar is-horizontal\"><\/div>\n","protected":false},"excerpt":{"rendered":"<p>(250303) &#8212; VIENA, 3 marzo, 2025 (Xinhua) &#8212; El presidente austriaco, Alexander Van Der Bellen&#8230;<\/p>\n","protected":false},"author":1,"featured_media":8441,"comment_status":"open","ping_status":"closed","sticky":false,"template":"","format":"standard","meta":{"footnotes":""},"categories":[2],"tags":[],"class_list":["post-8439","post","type-post","status-publish","format-standard","has-post-thumbnail","hentry","category-internacional"],"_links":{"self":[{"href":"https:\/\/listonesrosas.com\/index.php\/wp-json\/wp\/v2\/posts\/8439","targetHints":{"allow":["GET"]}}],"collection":[{"href":"https:\/\/listonesrosas.com\/index.php\/wp-json\/wp\/v2\/posts"}],"about":[{"href":"https:\/\/listonesrosas.com\/index.php\/wp-json\/wp\/v2\/types\/post"}],"author":[{"embeddable":true,"href":"https:\/\/listonesrosas.com\/index.php\/wp-json\/wp\/v2\/users\/1"}],"replies":[{"embeddable":true,"href":"https:\/\/listonesrosas.com\/index.php\/wp-json\/wp\/v2\/comments?post=8439"}],"version-history":[{"count":1,"href":"https:\/\/listonesrosas.com\/index.php\/wp-json\/wp\/v2\/posts\/8439\/revisions"}],"predecessor-version":[{"id":8440,"href":"https:\/\/listonesrosas.com\/index.php\/wp-json\/wp\/v2\/posts\/8439\/revisions\/8440"}],"wp:featuredmedia":[{"embeddable":true,"href":"https:\/\/listonesrosas.com\/index.php\/wp-json\/wp\/v2\/media\/8441"}],"wp:attachment":[{"href":"https:\/\/listonesrosas.com\/index.php\/wp-json\/wp\/v2\/media?parent=8439"}],"wp:term":[{"taxonomy":"category","embeddable":true,"href":"https:\/\/listonesrosas.com\/index.php\/wp-json\/wp\/v2\/categories?post=8439"},{"taxonomy":"post_tag","embeddable":true,"href":"https:\/\/listonesrosas.com\/index.php\/wp-json\/wp\/v2\/tags?post=8439"}],"curies":[{"name":"wp","href":"https:\/\/api.w.org\/{rel}","templated":true}]}}