{"id":8511,"date":"2025-03-04T13:51:48","date_gmt":"2025-03-04T19:51:48","guid":{"rendered":"https:\/\/listonesrosas.com\/?p=8511"},"modified":"2025-03-04T19:51:49","modified_gmt":"2025-03-04T19:51:49","slug":"espana-barcelona-congreso-mundial-de-moviles-inauguracion-3","status":"publish","type":"post","link":"https:\/\/listonesrosas.com\/index.php\/2025\/03\/04\/espana-barcelona-congreso-mundial-de-moviles-inauguracion-3\/","title":{"rendered":"ESPA\u00d1A-BARCELONA-CONGRESO MUNDIAL DE MOVILES-INAUGURACION"},"content":{"rendered":"<div class=\"el-scrollbar__wrap\">\n<div class=\"el-scrollbar__view\">\n<div class=\"news-content\" data-v-1eda797c=\"\">(250303) &#8212; BARCELONA, 3 marzo, 2025 (Xinhua) &#8212; Un hombre toma fotograf\u00edas de tel\u00e9fonos inteligentes durante el Congreso Mundial de M\u00f3viles 2025 (MWC, por sus siglas en ingl\u00e9s), en Barcelona, Espa\u00f1a, el 3 de marzo de 2025. El MWC se inaugur\u00f3 el lunes en la ciudad espa\u00f1ola de Barcelona, al reunir a l\u00edderes, legisladores e innovadores tecnol\u00f3gicos de la industria para explorar los avances en tecnolog\u00eda quinta generaci\u00f3n, inteligencia artificial y conectividad avanzada. (Xinhua\/Zhao Dingzhe) (rtg) (ah) (ce)<\/div>\n<\/div>\n<\/div>\n<div class=\"el-scrollbar__bar is-horizontal\"><\/div>\n","protected":false},"excerpt":{"rendered":"<p>(250303) &#8212; BARCELONA, 3 marzo, 2025 (Xinhua) &#8212; Un hombre toma fotograf\u00edas de tel\u00e9fonos inteligentes&#8230;<\/p>\n","protected":false},"author":1,"featured_media":8513,"comment_status":"open","ping_status":"closed","sticky":false,"template":"","format":"standard","meta":{"footnotes":""},"categories":[2],"tags":[],"class_list":["post-8511","post","type-post","status-publish","format-standard","has-post-thumbnail","hentry","category-internacional"],"_links":{"self":[{"href":"https:\/\/listonesrosas.com\/index.php\/wp-json\/wp\/v2\/posts\/8511","targetHints":{"allow":["GET"]}}],"collection":[{"href":"https:\/\/listonesrosas.com\/index.php\/wp-json\/wp\/v2\/posts"}],"about":[{"href":"https:\/\/listonesrosas.com\/index.php\/wp-json\/wp\/v2\/types\/post"}],"author":[{"embeddable":true,"href":"https:\/\/listonesrosas.com\/index.php\/wp-json\/wp\/v2\/users\/1"}],"replies":[{"embeddable":true,"href":"https:\/\/listonesrosas.com\/index.php\/wp-json\/wp\/v2\/comments?post=8511"}],"version-history":[{"count":1,"href":"https:\/\/listonesrosas.com\/index.php\/wp-json\/wp\/v2\/posts\/8511\/revisions"}],"predecessor-version":[{"id":8512,"href":"https:\/\/listonesrosas.com\/index.php\/wp-json\/wp\/v2\/posts\/8511\/revisions\/8512"}],"wp:featuredmedia":[{"embeddable":true,"href":"https:\/\/listonesrosas.com\/index.php\/wp-json\/wp\/v2\/media\/8513"}],"wp:attachment":[{"href":"https:\/\/listonesrosas.com\/index.php\/wp-json\/wp\/v2\/media?parent=8511"}],"wp:term":[{"taxonomy":"category","embeddable":true,"href":"https:\/\/listonesrosas.com\/index.php\/wp-json\/wp\/v2\/categories?post=8511"},{"taxonomy":"post_tag","embeddable":true,"href":"https:\/\/listonesrosas.com\/index.php\/wp-json\/wp\/v2\/tags?post=8511"}],"curies":[{"name":"wp","href":"https:\/\/api.w.org\/{rel}","templated":true}]}}